{"id":932,"date":"2022-03-03T08:00:00","date_gmt":"2022-03-03T08:00:00","guid":{"rendered":"https:\/\/wikihousing.eu\/bcn\/?p=932"},"modified":"2022-03-03T11:18:15","modified_gmt":"2022-03-03T11:18:15","slug":"els-ateneus-de-fabricacio-col%c2%b7laboraran-amb-wikihousing-barcelona","status":"publish","type":"post","link":"https:\/\/wikihousing.eu\/bcn\/ca\/els-ateneus-de-fabricacio-col%c2%b7laboraran-amb-wikihousing-barcelona\/","title":{"rendered":"Els Ateneus de Fabricaci\u00f3 col\u00b7laboraran amb WikiHousing Barcelona"},"content":{"rendered":"\n<p><em>WikiHousing Barcelona<\/em> ha arribat a un interessant acord de col\u00b7laboraci\u00f3 amb la <a href=\"https:\/\/ajuntament.barcelona.cat\/ateneusdefabricacio\/en\/\">Xarxa d&#8217;Ateneus de Fabricaci\u00f3 de Barcelona<\/a>. Aquest conjunt de cinc equipaments municipals t\u00e9 com a funci\u00f3 principal acostar la ciutadania a les t\u00e8cniques i les eines de la fabricaci\u00f3 digital, que consisteix a aplicar les tecnologies de la informaci\u00f3 i la comunicaci\u00f3 (TIC) a la producci\u00f3 d&#8217;objectes materials. En altres paraules, aquest tipus de fabricaci\u00f3 es basa en convertir la informaci\u00f3 en objectes i els objectes en informaci\u00f3 mitjan\u00e7ant noves eines com els esc\u00e0ners i impressores 3D, les fresadores i m\u00e0quines de tall l\u00e0ser o els programes de disseny assistit per ordinador (CAD). Situats als districtes de Ciutat Vella, Les Corts, Gr\u00e0cia i Nou Barris, els cinc ateneus de la xarxa pretenen que aquestes eines siguin assequibles i accessibles per a tothom, ja siguin ve\u00efns, col\u00b7lectius, entitats, empreses o institucions educatives. Com a servei p\u00fablic, les instal\u00b7lacions s\u00f3n gratu\u00eftes i estan obertes a tothom, encara que s&#8217;exigeix \u200b\u200bque el seu \u00fas tingui un retorn social mitjan\u00e7ant contraprestacions amb potencial transformador per al barri, la ciutat o el m\u00f3n.<\/p>\n\n\n\n<p>Aix\u00ed doncs, tant <em>WikiHousing <\/em>com els ateneus comparteixen l&#8217;objectiu de promoure la funci\u00f3 social de la innovaci\u00f3 t\u00e8cnica, cosa que fa d&#8217;aquesta col\u00b7laboraci\u00f3 quelcom tan coherent com excitant. De fet, les dues iniciatives s&#8217;inspiren en la cultura <em>maker<\/em>, que promou alhora l&#8217;aprenentatge i la col\u00b7laboraci\u00f3. D&#8217;una banda, aquest moviment sorgeix de la filosofia DIY (<em>do it yourself<\/em>, \u00abfes-ho tu mateix\u00bb), que promou la idea del <em>learning-by-doing<\/em> (\u00abaprendre tot fent\u00bb), \u00e9s a dir, que gr\u00e0cies a un anar fent informal i proactiu, qualsevol \u00e9s capa\u00e7 d&#8217;aprendre a realitzar moltes tasques en lloc de contractar especialistes. D&#8217;altra banda, el moviment tamb\u00e9 s&#8217;inspira en la filosofia DIWO (<em>do it with others<\/em>, \u00abfes-ho amb altres\u00bb), que defensa la col\u00b7laboraci\u00f3 transdisciplinar i descentralitzada, la presa de decisions de baix cap amunt i l&#8217;intercanvi de coneixement en codi obert.<\/p>\n\n\n\n<p>En concret, l&#8217;acord de col\u00b7laboraci\u00f3 posar\u00e0 a disposici\u00f3 de <em>WikiHousing <\/em>les instal\u00b7lacions, les eines i els equips d\u2019experts de tres dels cinc equipaments de la xarxa d&#8217;Ateneus de Fabricaci\u00f3. D&#8217;una banda, hi ha l&#8217;<a href=\"https:\/\/ajuntament.barcelona.cat\/ateneusdefabricacio\/es\/ateneu-de-fabricacio-les-corts\/\">Ateneu de Fabricaci\u00f3 de les Corts<\/a>, que comparteix amb la Biblioteca Montserrat Abell\u00f3 l&#8217;edifici remodelat d&#8217;una antiga f\u00e0brica t\u00e8xtil relativament propera a l&#8217;Escola d&#8217;Arquitectura. D&#8217;altra banda, hi ha l&#8217;<a href=\"https:\/\/ajuntament.barcelona.cat\/ateneusdefabricacio\/es\/ateneu-de-fabricacio-ciutat-meridiana\/\">Ateneu de Fabricaci\u00f3 de Ciutat Meridiana<\/a>, que est\u00e0 especialitzat en la formaci\u00f3 i la inserci\u00f3 laboral de la gent jove i disposa d&#8217;un magatzem per guardar peces grans. Finalment, l&#8217;<a href=\"https:\/\/ajuntament.barcelona.cat\/ateneusdefabricacio\/en\/gracia-fab-lab\/\">Ateneu de Fabricaci\u00f3 de Gr\u00e0cia<\/a>, que \u00e9s el m\u00e9s recent de la xarxa i tamb\u00e9 ocupa una antiga nau industrial rehabilitada, est\u00e0 especialitzat en la producci\u00f3 t\u00e8xtil i biotecnol\u00f2gica, per la qual cosa disposa de brodadora digital, m\u00e0quines de cosir i un laboratori de biomaterials, aix\u00ed com del <em>Taller Brut<\/em>, espai destinat a la fabricaci\u00f3 d&#8217;elements pesats o de grans dimensions.<\/p>\n\n\n\n<p><\/p>\n","protected":false},"excerpt":{"rendered":"<p>WikiHousing Barcelona ha arribat a un interessant acord de col\u00b7laboraci\u00f3 amb la Xarxa d&#8217;Ateneus de Fabricaci\u00f3 de Barcelona. Aquest conjunt de cinc equipaments municipals t\u00e9 com a funci\u00f3 principal acostar la ciutadania a les t\u00e8cniques i les eines de la fabricaci\u00f3 digital, que consisteix a aplicar les tecnologies de la informaci\u00f3 i la comunicaci\u00f3 (TIC) [&hellip;]<\/p>\n","protected":false},"author":2,"featured_media":933,"comment_status":"open","ping_status":"open","sticky":false,"template":"","format":"standard","meta":{"footnotes":""},"categories":[11],"tags":[177,254,256,255,253,257],"class_list":["post-932","post","type-post","status-publish","format-standard","has-post-thumbnail","hentry","category-noticies","tag-codi-obert","tag-cultura-maker","tag-diwo","tag-diy","tag-fabricacio-digital","tag-learning-by-doing"],"_links":{"self":[{"href":"https:\/\/wikihousing.eu\/bcn\/wp-json\/wp\/v2\/posts\/932","targetHints":{"allow":["GET"]}}],"collection":[{"href":"https:\/\/wikihousing.eu\/bcn\/wp-json\/wp\/v2\/posts"}],"about":[{"href":"https:\/\/wikihousing.eu\/bcn\/wp-json\/wp\/v2\/types\/post"}],"author":[{"embeddable":true,"href":"https:\/\/wikihousing.eu\/bcn\/wp-json\/wp\/v2\/users\/2"}],"replies":[{"embeddable":true,"href":"https:\/\/wikihousing.eu\/bcn\/wp-json\/wp\/v2\/comments?post=932"}],"version-history":[{"count":2,"href":"https:\/\/wikihousing.eu\/bcn\/wp-json\/wp\/v2\/posts\/932\/revisions"}],"predecessor-version":[{"id":966,"href":"https:\/\/wikihousing.eu\/bcn\/wp-json\/wp\/v2\/posts\/932\/revisions\/966"}],"wp:featuredmedia":[{"embeddable":true,"href":"https:\/\/wikihousing.eu\/bcn\/wp-json\/wp\/v2\/media\/933"}],"wp:attachment":[{"href":"https:\/\/wikihousing.eu\/bcn\/wp-json\/wp\/v2\/media?parent=932"}],"wp:term":[{"taxonomy":"category","embeddable":true,"href":"https:\/\/wikihousing.eu\/bcn\/wp-json\/wp\/v2\/categories?post=932"},{"taxonomy":"post_tag","embeddable":true,"href":"https:\/\/wikihousing.eu\/bcn\/wp-json\/wp\/v2\/tags?post=932"}],"curies":[{"name":"wp","href":"https:\/\/api.w.org\/{rel}","templated":true}]}}