{"id":1278,"date":"2022-04-06T10:36:06","date_gmt":"2022-04-06T10:36:06","guid":{"rendered":"https:\/\/wikihousing.eu\/bcn\/?p=1278"},"modified":"2022-04-06T10:38:38","modified_gmt":"2022-04-06T10:38:38","slug":"dimarts-van-comencar-les-classes-de-wikihousing","status":"publish","type":"post","link":"https:\/\/wikihousing.eu\/bcn\/ca\/dimarts-van-comencar-les-classes-de-wikihousing\/","title":{"rendered":"Dimarts van comen\u00e7ar les classes de WikiHousing"},"content":{"rendered":"\n<p>Ahir l\u2019equip de WikiHousing va donar inici a la primera etapa del projecte: les classes te\u00f2riques que aportaran una base comuna per totes les persones participants.<\/p>\n\n\n\n<p>Despr\u00e9s d\u2019una introducci\u00f3 de la iniciativa de WikiHousing per part de la Laura Souto, la Merve Dadas i el David Ju\u00e1rez. El Jaime Palomera i el David Bravo van iniciar un debat sobre les dificultat d\u2019acc\u00e9s a l\u2019habitatge a Barcelona, sobretot en el cas de la gent jove, aix\u00ed com els drets dels quals disposem al respecte.<\/p>\n\n\n\n<p>Tamb\u00e9 es van plantejar possibles alternatives a l\u2019habitatge est\u00e0ndard i vies de soluci\u00f3. &nbsp;Partint de fen\u00f2mens com la masoveria urbana i l&#8217;estrat\u00e8gia ATRI, es va presentar l&#8217;enfoc de presa d&#8217;acci\u00f3 i apoderament pr\u00e0ctic plantejat per WikiHousing.<\/p>\n\n\n\n<p>Dem\u00e0 dijous 6 d\u2019abril a les 18:00 hi haur\u00e0 la segona classe a l\u2019ateneu de l\u2019Harmonia, dins del recinte de Fabra i Coats, on David Ju\u00e1rez i Arnau Andr\u00e9s desenvoluparan de forma m\u00e9s extensa l\u2019alternativa d\u2019habitatge de masoveria urbana.<\/p>\n\n\n\n<p>La sessi\u00f3 finalitzar\u00e0 amb la visita als habitatges de Pons i Gallarza, exemple pr\u00e0ctic de masoveria urbana dins la ciutat de Barcelona.<\/p>\n","protected":false},"excerpt":{"rendered":"<p>Ahir l\u2019equip de WikiHousing va donar inici a la primera etapa del projecte: les classes te\u00f2riques que aportaran una base comuna per totes les persones participants. Despr\u00e9s d\u2019una introducci\u00f3 de la iniciativa de WikiHousing per part de la Laura Souto, la Merve Dadas i el David Ju\u00e1rez. El Jaime Palomera i el David Bravo van [&hellip;]<\/p>\n","protected":false},"author":2,"featured_media":1279,"comment_status":"open","ping_status":"open","sticky":false,"template":"","format":"standard","meta":{"footnotes":""},"categories":[11],"tags":[],"class_list":["post-1278","post","type-post","status-publish","format-standard","has-post-thumbnail","hentry","category-noticies"],"_links":{"self":[{"href":"https:\/\/wikihousing.eu\/bcn\/wp-json\/wp\/v2\/posts\/1278","targetHints":{"allow":["GET"]}}],"collection":[{"href":"https:\/\/wikihousing.eu\/bcn\/wp-json\/wp\/v2\/posts"}],"about":[{"href":"https:\/\/wikihousing.eu\/bcn\/wp-json\/wp\/v2\/types\/post"}],"author":[{"embeddable":true,"href":"https:\/\/wikihousing.eu\/bcn\/wp-json\/wp\/v2\/users\/2"}],"replies":[{"embeddable":true,"href":"https:\/\/wikihousing.eu\/bcn\/wp-json\/wp\/v2\/comments?post=1278"}],"version-history":[{"count":2,"href":"https:\/\/wikihousing.eu\/bcn\/wp-json\/wp\/v2\/posts\/1278\/revisions"}],"predecessor-version":[{"id":1283,"href":"https:\/\/wikihousing.eu\/bcn\/wp-json\/wp\/v2\/posts\/1278\/revisions\/1283"}],"wp:featuredmedia":[{"embeddable":true,"href":"https:\/\/wikihousing.eu\/bcn\/wp-json\/wp\/v2\/media\/1279"}],"wp:attachment":[{"href":"https:\/\/wikihousing.eu\/bcn\/wp-json\/wp\/v2\/media?parent=1278"}],"wp:term":[{"taxonomy":"category","embeddable":true,"href":"https:\/\/wikihousing.eu\/bcn\/wp-json\/wp\/v2\/categories?post=1278"},{"taxonomy":"post_tag","embeddable":true,"href":"https:\/\/wikihousing.eu\/bcn\/wp-json\/wp\/v2\/tags?post=1278"}],"curies":[{"name":"wp","href":"https:\/\/api.w.org\/{rel}","templated":true}]}}