{"id":1234,"date":"2022-03-30T11:06:34","date_gmt":"2022-03-30T11:06:34","guid":{"rendered":"https:\/\/wikihousing.eu\/bcn\/?p=1234"},"modified":"2022-04-11T11:58:46","modified_gmt":"2022-04-11T11:58:46","slug":"presentacion-de-wikihousing-barcelona-en-beteve%ef%bf%bc","status":"publish","type":"post","link":"https:\/\/wikihousing.eu\/bcn\/es\/presentacion-de-wikihousing-barcelona-en-beteve%ef%bf%bc\/","title":{"rendered":"Presentaci\u00f3n de WikiHousing Barcelona en Betev\u00e9"},"content":{"rendered":"\n<p>El lunes 28 de marzo de 2022, los arquitectos Laura Souto, cofundadora de <a href=\"https:\/\/www.instagram.com\/lapapiro\/\">la Papiro<\/a> y parte del equipo de <a href=\"https:\/\/straddle3.net\/es\/\">Straddle3<\/a> y <a href=\"https:\/\/wikihousing.eu\/bcn\/ca\/inici\/\">WikiHousing<\/a> y Pol Gayn\u00e9s, cofundador de la Papiro y parte del equipo de WikiHousing, presentaron la iniciativa: <a href=\"https:\/\/wikihousing.eu\/bcn\/ca\/inici\/\">WikiHousing Barcelona<\/a> en el programa <a href=\"https:\/\/beteve.cat\/basics\/entrevista-a-pol-gaynes-i-laura-souto-del-projecte-participatiu-wikihousing\/\">B\u00e0sics<\/a> de <a href=\"https:\/\/beteve.cat\/\">Betev\u00e9<\/a>.<\/p>\n\n\n\n<p>Durante el programa se habl\u00f3 de c\u00f3mo los precios de la vivienda en Barcelona impiden a menudo el acceso a un lugar digno para muchos de sus habitantes, pero sobre todo impacta en la gente joven.<\/p>\n\n\n\n<p>El pr\u00f3ximo 5 de abril empezar\u00e1n las clases te\u00f3ricas y pr\u00e1cticas que dar\u00e1n formaci\u00f3n a las personas participantes en las siguientes fases del proyecto. Estas sesiones tratar\u00e1n diferentes \u00e1mbitos que intersectan con la vivienda: desde los derechos de los ciudadanos hasta la mejor manera de hacer una instalaci\u00f3n el\u00e9ctrica, pasando por repensar la forma que tenemos actualmente de distribuir los espacios de la casa.<\/p>\n\n\n\n<p>Todav\u00eda quedan algunas plazas libres. En caso que tengas entre 18 y 30 a\u00f1os no dudes a unirte a este proceso participativo para la construcci\u00f3n sostenible de vivienda p\u00fablica para j\u00f3venes siguiendo este <a href=\"https:\/\/wikihousing.eu\/bcn\/ca\/inici\/\">enlace<\/a>.<\/p>\n","protected":false},"excerpt":{"rendered":"<p>El lunes 28 de marzo de 2022, los arquitectos Laura Souto, cofundadora de la Papiro y parte del equipo de Straddle3 y WikiHousing y Pol Gayn\u00e9s, cofundador de la Papiro y parte del equipo de WikiHousing, presentaron la iniciativa: WikiHousing Barcelona en el programa B\u00e0sics de Betev\u00e9. Durante el programa se habl\u00f3 de c\u00f3mo los [&hellip;]<\/p>\n","protected":false},"author":2,"featured_media":1233,"comment_status":"open","ping_status":"open","sticky":false,"template":"","format":"standard","meta":{"footnotes":""},"categories":[25,1],"tags":[],"class_list":["post-1234","post","type-post","status-publish","format-standard","has-post-thumbnail","hentry","category-noticias","category-sin-categoria"],"_links":{"self":[{"href":"https:\/\/wikihousing.eu\/bcn\/wp-json\/wp\/v2\/posts\/1234","targetHints":{"allow":["GET"]}}],"collection":[{"href":"https:\/\/wikihousing.eu\/bcn\/wp-json\/wp\/v2\/posts"}],"about":[{"href":"https:\/\/wikihousing.eu\/bcn\/wp-json\/wp\/v2\/types\/post"}],"author":[{"embeddable":true,"href":"https:\/\/wikihousing.eu\/bcn\/wp-json\/wp\/v2\/users\/2"}],"replies":[{"embeddable":true,"href":"https:\/\/wikihousing.eu\/bcn\/wp-json\/wp\/v2\/comments?post=1234"}],"version-history":[{"count":5,"href":"https:\/\/wikihousing.eu\/bcn\/wp-json\/wp\/v2\/posts\/1234\/revisions"}],"predecessor-version":[{"id":1293,"href":"https:\/\/wikihousing.eu\/bcn\/wp-json\/wp\/v2\/posts\/1234\/revisions\/1293"}],"wp:featuredmedia":[{"embeddable":true,"href":"https:\/\/wikihousing.eu\/bcn\/wp-json\/wp\/v2\/media\/1233"}],"wp:attachment":[{"href":"https:\/\/wikihousing.eu\/bcn\/wp-json\/wp\/v2\/media?parent=1234"}],"wp:term":[{"taxonomy":"category","embeddable":true,"href":"https:\/\/wikihousing.eu\/bcn\/wp-json\/wp\/v2\/categories?post=1234"},{"taxonomy":"post_tag","embeddable":true,"href":"https:\/\/wikihousing.eu\/bcn\/wp-json\/wp\/v2\/tags?post=1234"}],"curies":[{"name":"wp","href":"https:\/\/api.w.org\/{rel}","templated":true}]}}