{"id":1230,"date":"2022-03-30T11:05:56","date_gmt":"2022-03-30T11:05:56","guid":{"rendered":"https:\/\/wikihousing.eu\/bcn\/?p=1230"},"modified":"2022-03-30T11:09:05","modified_gmt":"2022-03-30T11:09:05","slug":"presentacio-de-wikihousing-barcelona-a-beteve","status":"publish","type":"post","link":"https:\/\/wikihousing.eu\/bcn\/ca\/presentacio-de-wikihousing-barcelona-a-beteve\/","title":{"rendered":"Presentaci\u00f3 de WikiHousing Barcelona a Betev\u00e9"},"content":{"rendered":"\n<p>Dilluns 28 de mar\u00e7 de 2022 els arquitectes Laura Souto: cofundadora de la Papiro i part de l\u2019equip de <a href=\"https:\/\/straddle3.net\/es\/\">Straddle3<\/a> i WikiHousing i Pol Gayn\u00e9s, cofundador de <a href=\"https:\/\/www.instagram.com\/lapapiro\/\">la Papiro<\/a> i part de l\u2019equip de WikiHousing van presentar la iniciativa: <a href=\"https:\/\/wikihousing.eu\/bcn\/ca\/inici\/\">WikiHousing Barcelona<\/a> al programa B\u00e0sics de <a href=\"https:\/\/beteve.cat\/basics\/entrevista-a-pol-gaynes-i-laura-souto-del-projecte-participatiu-wikihousing\/\">Betev\u00e9<\/a>.<\/p>\n\n\n\n<p>Durant el programa es va parlar sobre com els preus de l\u2019habitatge a Barcelona impedeixen sovint l\u2019acc\u00e9s a un lloc digne de molts dels seus habitants, per\u00f2 sobretot impacte en l\u2019emancipaci\u00f3 de la gent jove.<\/p>\n\n\n\n<p>El pr\u00f2xim dimarts 5 d\u2019abril comen\u00e7aran les classes te\u00f2riques i pr\u00e0ctiques que donaran formaci\u00f3 a les persones participants en les seg\u00fcents fases del projecte. Aquestes sessions tractaran diferents \u00e0mbits que intersecten amb l\u2019habitatge: des dels drets dels ciutadans fins a la millor manera de fer una instal\u00b7laci\u00f3 el\u00e8ctrica, passant per repensar la manera que tenim actualment de distribuir els espais de la casa.<\/p>\n\n\n\n<p>Encara hi ha algunes places lliures, en cas que tinguis entre 18 i 30 anys no dubtis a unir-te a aquest proc\u00e9s participatiu per a la construcci\u00f3 sostenible d\u2019habitatge p\u00fablic per a jove seguint aquest <a href=\"https:\/\/wikihousing.eu\/bcn\/ca\/inici\/\">enlla\u00e7<\/a>.<\/p>\n","protected":false},"excerpt":{"rendered":"<p>Dilluns 28 de mar\u00e7 de 2022 els arquitectes Laura Souto: cofundadora de la Papiro i part de l\u2019equip de Straddle3 i WikiHousing i Pol Gayn\u00e9s, cofundador de la Papiro i part de l\u2019equip de WikiHousing van presentar la iniciativa: WikiHousing Barcelona al programa B\u00e0sics de Betev\u00e9. Durant el programa es va parlar sobre com els [&hellip;]<\/p>\n","protected":false},"author":2,"featured_media":1233,"comment_status":"open","ping_status":"open","sticky":false,"template":"","format":"standard","meta":{"footnotes":""},"categories":[11,242],"tags":[],"class_list":["post-1230","post","type-post","status-publish","format-standard","has-post-thumbnail","hentry","category-noticies","category-sin-categoria-ca"],"_links":{"self":[{"href":"https:\/\/wikihousing.eu\/bcn\/wp-json\/wp\/v2\/posts\/1230","targetHints":{"allow":["GET"]}}],"collection":[{"href":"https:\/\/wikihousing.eu\/bcn\/wp-json\/wp\/v2\/posts"}],"about":[{"href":"https:\/\/wikihousing.eu\/bcn\/wp-json\/wp\/v2\/types\/post"}],"author":[{"embeddable":true,"href":"https:\/\/wikihousing.eu\/bcn\/wp-json\/wp\/v2\/users\/2"}],"replies":[{"embeddable":true,"href":"https:\/\/wikihousing.eu\/bcn\/wp-json\/wp\/v2\/comments?post=1230"}],"version-history":[{"count":1,"href":"https:\/\/wikihousing.eu\/bcn\/wp-json\/wp\/v2\/posts\/1230\/revisions"}],"predecessor-version":[{"id":1231,"href":"https:\/\/wikihousing.eu\/bcn\/wp-json\/wp\/v2\/posts\/1230\/revisions\/1231"}],"wp:featuredmedia":[{"embeddable":true,"href":"https:\/\/wikihousing.eu\/bcn\/wp-json\/wp\/v2\/media\/1233"}],"wp:attachment":[{"href":"https:\/\/wikihousing.eu\/bcn\/wp-json\/wp\/v2\/media?parent=1230"}],"wp:term":[{"taxonomy":"category","embeddable":true,"href":"https:\/\/wikihousing.eu\/bcn\/wp-json\/wp\/v2\/categories?post=1230"},{"taxonomy":"post_tag","embeddable":true,"href":"https:\/\/wikihousing.eu\/bcn\/wp-json\/wp\/v2\/tags?post=1230"}],"curies":[{"name":"wp","href":"https:\/\/api.w.org\/{rel}","templated":true}]}}