{"id":1026,"date":"2022-03-08T08:16:54","date_gmt":"2022-03-08T08:16:54","guid":{"rendered":"https:\/\/wikihousing.eu\/bcn\/?p=1026"},"modified":"2022-03-10T10:33:20","modified_gmt":"2022-03-10T10:33:20","slug":"aqui-mismo-a-la-vuelta-2","status":"publish","type":"post","link":"https:\/\/wikihousing.eu\/bcn\/ca\/aqui-mismo-a-la-vuelta-2\/","title":{"rendered":"Aqu\u00ed mismo, a la vuelta*"},"content":{"rendered":"\n<div class=\"wp-block-image\"><figure class=\"alignright is-resized\"><img loading=\"lazy\" decoding=\"async\" src=\"https:\/\/wikihousing.eu\/wp-content\/uploads\/2022\/03\/photo1646649238-1.jpeg\" alt=\"\" class=\"wp-image-995\" width=\"131\" height=\"133\"\/><\/figure><\/div>\n\n\n\n<p>Est\u00e1 aqu\u00ed al lado,<\/p>\n\n\n\n<p>Cerca,<\/p>\n\n\n\n<p>aqu\u00ed mismo<\/p>\n\n\n\n<p>aqu\u00ed al lado.<\/p>\n\n\n\n<p>A la vuelta.<\/p>\n\n\n\n<p>Ah\u00ed,<\/p>\n\n\n\n<p>ah\u00ed, un poco m\u00e1s adelante,<\/p>\n\n\n\n<p>te coge de camino.<\/p>\n\n\n\n<p>Pero<\/p>\n\n\n\n<p>mejor<\/p>\n\n\n\n<p>vete por este lado. <sup>(2\u00b4)<\/sup><\/p>\n\n\n\n<p>Es mejor para ti<\/p>\n\n\n\n<p>es mejor<\/p>\n\n\n\n<p class=\"has-text-align-center\">[Camino r\u00e1pido primo,<\/p>\n\n\n\n<p class=\"has-text-align-center\">de vuelta a casa,<\/p>\n\n\n\n<p class=\"has-text-align-center\">todav\u00eda,<\/p>\n\n\n\n<p class=\"has-text-align-center\">camino r\u00e1pido.]<\/p>\n\n\n\n<p class=\"has-text-align-right\"><em>Yo te voy a poner y a poner*<\/em><\/p>\n\n\n\n<p class=\"has-text-align-right\"><em>a tres cuartos las peras<\/em><\/p>\n\n\n\n<p class=\"has-text-align-right\"><em>y a dos las manzanas primita<\/em><\/p>\n\n\n\n<p class=\"has-text-align-right\"><em>y a tres las ciruelas <\/em><em><sup>(1)<\/sup><\/em><\/p>\n\n\n\n<p class=\"has-text-align-left\">Yo creo que te conozco<\/p>\n\n\n\n<p>t\u00fa me suenas<\/p>\n\n\n\n<p>\u00bfDe \u201cqui\u00e9n eres\u201d, dices?<\/p>\n\n\n\n<p>Me suenas\u2026<\/p>\n\n\n\n<p>pero no caigo<\/p>\n\n\n\n<p>ahora no caigo.<\/p>\n\n\n\n<p>Da igual,<\/p>\n\n\n\n<p>tu vente<\/p>\n\n\n\n<p>que es mismo aqu\u00ed<\/p>\n\n\n\n<p>aqu\u00ed al lado,<\/p>\n\n\n\n<p>vente.<\/p>\n\n\n\n<p>Caminas un poco m\u00e1s y ya llegas.<\/p>\n\n\n\n<p>Vente conmigo.<\/p>\n\n\n\n<p>Y llegamos y pasamos un rato<\/p>\n\n\n\n<p>o me quedo yo,<\/p>\n\n\n\n<p>\u00bfT\u00fa te quieres quedar?<\/p>\n\n\n\n<p>Pues yo si.<\/p>\n\n\n\n<p>Yo si me quedo.<\/p>\n\n\n\n<p>Aqu\u00ed mismo.<\/p>\n\n\n\n<p>Porque quiero,<\/p>\n\n\n\n<p>y porque puedo,<\/p>\n\n\n\n<p>\u00bfT\u00fa puedes?<\/p>\n\n\n\n<p>\u00bfT\u00fa quieres?<\/p>\n\n\n\n<p class=\"has-text-align-right\"><em>La Tana y la Juana<\/em><\/p>\n\n\n\n<p class=\"has-text-align-right\"><em>fueron por aceite<\/em><\/p>\n\n\n\n<p class=\"has-text-align-right\"><em>y las dos discutieron primita<\/em><\/p>\n\n\n\n<p class=\"has-text-align-right\"><em>con el dependiente <\/em><em><sup>(2)<\/sup><\/em><\/p>\n\n\n\n<p>Ll\u00e1mame<\/p>\n\n\n\n<p>si te hace falta<\/p>\n\n\n\n<p>claro<\/p>\n\n\n\n<p>t\u00fa me llamas.<\/p>\n\n\n\n<p>Y voy, si puedo<\/p>\n\n\n\n<p>Voy contigo.<\/p>\n\n\n\n<p>\u00bfT\u00fa c\u00f3mo est\u00e1s?<\/p>\n\n\n\n<p>Dime.<\/p>\n\n\n\n<p>O no.<\/p>\n\n\n\n<p>O no digas nada<\/p>\n\n\n\n<p>Yo me quedo aqu\u00ed, igual.<\/p>\n\n\n\n<p>A tu lado,<\/p>\n\n\n\n<p>que est\u00e1 aqu\u00ed mismo<\/p>\n\n\n\n<p>Mismo aqu\u00ed<\/p>\n\n\n\n<p>A la vuelta<\/p>\n\n\n\n<p>Al lado<\/p>\n\n\n\n<p class=\"has-text-align-right\"><em>Te vi por la corredera<\/em><\/p>\n\n\n\n<p class=\"has-text-align-right\"><em>como te estaba cayendo<\/em><\/p>\n\n\n\n<p class=\"has-text-align-right\"><em>una ag\u00fcita calaera<\/em><\/p>\n\n\n\n<p>Mismo aqu\u00ed<\/p>\n\n\n\n<p>A la vuelta<\/p>\n\n\n\n<p>Si t\u00fa quieres, claro,<\/p>\n\n\n\n<p>Y si puedes\u2026<\/p>\n\n\n\n<p class=\"has-text-align-right\"><em>C\u00f3mo te estaba cayendo<\/em><\/p>\n\n\n\n<p class=\"has-text-align-right\"><em>a ag\u00fcita calaera.** <\/em><em><sup>(3)<\/sup><\/em><\/p>\n\n\n\n<div style=\"height:70px\" aria-hidden=\"true\" class=\"wp-block-spacer\"><\/div>\n\n\n\n<p><em>&nbsp;* Poema publicat a \u201cEnsayos sobre la ciudad y los cuidados. Hacia una arquitectura de los cuidados\u201d Ed. Urban Bat. Bilbao. 2019. p. 231.&nbsp;<\/em><\/p>\n\n\n\n<p><em>** \u201d La Tana y la Juana.\u201d Buler\u00edas de Lebrija, Antonia Pozo ( 1909- ?).<\/em><\/p>\n\n\n\n<div style=\"height:75px\" aria-hidden=\"true\" class=\"wp-block-spacer\"><\/div>\n\n\n\n<h4 class=\"wp-block-heading\" id=\"notes-al-peu\">NOTES AL PEU<\/h4>\n\n\n\n<p>(1) Comer\u00e7 de proximitat<\/p>\n\n\n\n<p>En una ciutat cuidadora, el comer\u00e7 de proximitat \u00e9s fonamental per articular una vida quotidiana complexa i rica. Lloc on ens poguem trobar amb les persones ve\u00efnes, on teixir relacions i sentiments de comunitat.<\/p>\n\n\n\n<p>Llocs que faciliten la creaci\u00f3 de la cohesi\u00f3 social, on el con\u00e8ixer-nos ens faci sentir seguretat. El dret a l&#8217;autonomia, a anar caminant a buscar el pa i pel cam\u00ed creuar-te cinc \u00abbon dia\u00bb, amb una mobilitat propera.&nbsp; Llocs on compartir coneixements quotidians, \u00abdoncs jo al gaspatxo li tiro pebrot\u00bb. Una trama urbana complexa, on existeixi una misticitat d&#8217;usos, permet que en diferents hores del dia hi hagi activitat.<\/p>\n\n\n\n<p>\u00abTe coje de camino\u00bb, la ciutat que cuida incorpora moviments diversos de la vida quotidiana (\u00abde casa, al colegio de camino al trabajo comprar fruta que falta, acercarme al m\u00e9dico y pasar a ver a mi madre que estaba hoy algo pachucha\u00bb&#8230;), no nom\u00e9s els lineals de la capa productiva (casa-feina. feina-casa). La ciutat que cuida a les persones que les habiten els fa possible accedir a tots els llocs on han de (o volen) dur a terme les activitats, de manera senzilla, propera, permetent-los en la seva diversitat ser persones aut\u00f2nomes\u2026<\/p>\n\n\n\n<p>(2) Espai p\u00fablic.<\/p>\n\n\n\n<p>Una ciutat cuidadora vetlla perqu\u00e8 l&#8217;espai p\u00fablic sigui un lloc que ens permeti trobar-nos, que afavoreixi la nostra vida quotidiana en totes les seves capes, que permeti jugar i descansar, que permeti l&#8217;ombra i el sol, que permeti parlar-nos i escoltar-nos, que no estigui privatitzat, que no depengui si puc i vull pagar un caf\u00e8 per poder estar juntes, i que sigui accessible per tots els cossos amb les seves diferents mobilitats i realitats. Que permeti fer coses juntes i soles. Que permeti improvisar i que les coses diferents siguin possibles&#8230; Que ens permeti dialogar, on el conflicte intr\u00ednsec a una vida compartida s&#8217;incorpori als processos urbans, on puguem acompanyar-nos les vides.<\/p>\n\n\n\n<p>(2&#8242;) Les viol\u00e8ncies sobre els cossos.<\/p>\n\n\n\n<p>Les nostres ciutats i el seu espai p\u00fablic tamb\u00e9 s\u00f3n el territori on succeeix, entre altres coses, la normalitzaci\u00f3 de la cosificaci\u00f3 del cos de les dones i les nenes (des de la publicitat sexista fins a l&#8217;assetjament de carrer). Una ciutat cuidadora no invisibilitza la viol\u00e8ncia sexual a la que estan exposades les dones i nenes i cuida que l&#8217;acc\u00e9s a all\u00f2 p\u00fablic i la participaci\u00f3 en el gaudi d&#8217;all\u00f2 cultural i l&#8217;oci sigui igual per totes les persones. Tampoc ignora o invisibilitza les realitats de difer\u00e8ncia de classe, la vida dels cossos racialitzats, les edats i les seves necessitats diverses&#8230;<\/p>\n\n\n\n<p>(3) L&#8217;habitatge<\/p>\n\n\n\n<p>Una ciutat cuidadora \u00e9s aquella en la que coneixem les nostres ve\u00efnes, on podem demanar sal i on alg\u00fa ens porta un \u00abcardito con yerbabuena pal resfriao que es mu g\u00fceno\u00bb perqu\u00e8 ens ha plogut \u00abuna ag\u00fcita calaera\u00bb.<\/p>\n\n\n\n<p>El fenomen de la proliferaci\u00f3 d&#8217;apartaments tur\u00edstics, per exemple, ha incorporat a la realitat quotidiana de les persones ve\u00efnes una intermit\u00e8ncia de \u00abvecinas temporales\u00bb que genera una percepci\u00f3 d&#8217;inseguretat, i que dificulta el di\u00e0leg necessari en les conviv\u00e8ncies col\u00b7lectives i complexes dels edificis comunitaris i dels nostres carrers.<\/p>\n\n\n\n<p>Una ciutat cuidadora ens permet percebre&#8217;ns com a part d&#8217;un barri, i per aix\u00f2 hem de poder quedar-nos a viure en un lloc, tenir lloguers accessibles i la seguretat de poder seguir vivint-hi el temps que necessitem.<\/p>\n\n\n\n<div style=\"height:60px\" aria-hidden=\"true\" class=\"wp-block-spacer\"><\/div>\n\n\n\n<blockquote class=\"wp-block-quote is-layout-flow wp-block-quote-is-layout-flow\"><p><strong>De l&#8217;obra \u00abUna cosa es una cosa, y otra cosa es otra cosa\u00bb de Isabel Mart\u00edn. A Fortiori Editorial, 2021.<\/strong><\/p><\/blockquote>\n","protected":false},"excerpt":{"rendered":"<p>Est\u00e1 aqu\u00ed al lado, Cerca, aqu\u00ed mismo aqu\u00ed al lado. A la vuelta. Ah\u00ed, ah\u00ed, un poco m\u00e1s adelante, te coge de camino. Pero mejor vete por este lado. (2\u00b4) Es mejor para ti es mejor [Camino r\u00e1pido primo, de vuelta a casa, todav\u00eda, camino r\u00e1pido.] Yo te voy a poner y a poner* a [&hellip;]<\/p>\n","protected":false},"author":2,"featured_media":1015,"comment_status":"open","ping_status":"open","sticky":false,"template":"","format":"standard","meta":{"footnotes":""},"categories":[15],"tags":[],"class_list":["post-1026","post","type-post","status-publish","format-standard","has-post-thumbnail","hentry","category-idees"],"_links":{"self":[{"href":"https:\/\/wikihousing.eu\/bcn\/wp-json\/wp\/v2\/posts\/1026","targetHints":{"allow":["GET"]}}],"collection":[{"href":"https:\/\/wikihousing.eu\/bcn\/wp-json\/wp\/v2\/posts"}],"about":[{"href":"https:\/\/wikihousing.eu\/bcn\/wp-json\/wp\/v2\/types\/post"}],"author":[{"embeddable":true,"href":"https:\/\/wikihousing.eu\/bcn\/wp-json\/wp\/v2\/users\/2"}],"replies":[{"embeddable":true,"href":"https:\/\/wikihousing.eu\/bcn\/wp-json\/wp\/v2\/comments?post=1026"}],"version-history":[{"count":3,"href":"https:\/\/wikihousing.eu\/bcn\/wp-json\/wp\/v2\/posts\/1026\/revisions"}],"predecessor-version":[{"id":1052,"href":"https:\/\/wikihousing.eu\/bcn\/wp-json\/wp\/v2\/posts\/1026\/revisions\/1052"}],"wp:featuredmedia":[{"embeddable":true,"href":"https:\/\/wikihousing.eu\/bcn\/wp-json\/wp\/v2\/media\/1015"}],"wp:attachment":[{"href":"https:\/\/wikihousing.eu\/bcn\/wp-json\/wp\/v2\/media?parent=1026"}],"wp:term":[{"taxonomy":"category","embeddable":true,"href":"https:\/\/wikihousing.eu\/bcn\/wp-json\/wp\/v2\/categories?post=1026"},{"taxonomy":"post_tag","embeddable":true,"href":"https:\/\/wikihousing.eu\/bcn\/wp-json\/wp\/v2\/tags?post=1026"}],"curies":[{"name":"wp","href":"https:\/\/api.w.org\/{rel}","templated":true}]}}